{"id":1054,"date":"2021-10-14T16:28:38","date_gmt":"2021-10-14T14:28:38","guid":{"rendered":"http:\/\/kwforester.indemo.cloud\/facilita-fiscali-2021-2025\/"},"modified":"2022-12-01T09:30:28","modified_gmt":"2022-12-01T08:30:28","slug":"facilitati-fiscale-2021-2025","status":"publish","type":"post","link":"https:\/\/www.kwforester.ro\/ro\/facilitati-fiscale-2021-2025\/","title":{"rendered":"Facilit\u0103\u021bi fiscale pentru perioada 2021 &#8211; 2025"},"content":{"rendered":"<div class=\"fusion-fullwidth fullwidth-box fusion-builder-row-1 fusion-flex-container news_seo nonhundred-percent-fullwidth non-hundred-percent-height-scrolling\" style=\"--awb-border-radius-top-left:0px;--awb-border-radius-top-right:0px;--awb-border-radius-bottom-right:0px;--awb-border-radius-bottom-left:0px;\" ><div class=\"fusion-builder-row fusion-row fusion-flex-align-items-flex-start\" style=\"max-width:1248px;margin-left: calc(-4% \/ 2 );margin-right: calc(-4% \/ 2 );\"><div class=\"fusion-layout-column fusion_builder_column fusion-builder-column-0 fusion_builder_column_1_1 1_1 fusion-flex-column\" style=\"--awb-bg-size:cover;--awb-width-large:100%;--awb-margin-top-large:0px;--awb-spacing-right-large:1.92%;--awb-margin-bottom-large:20px;--awb-spacing-left-large:1.92%;--awb-width-medium:100%;--awb-order-medium:0;--awb-spacing-right-medium:1.92%;--awb-spacing-left-medium:1.92%;--awb-width-small:100%;--awb-order-small:0;--awb-spacing-right-small:1.92%;--awb-spacing-left-small:1.92%;\"><div class=\"fusion-column-wrapper fusion-column-has-shadow fusion-flex-justify-content-flex-start fusion-content-layout-column\"><div class=\"fusion-text fusion-text-1\"><pre><img decoding=\"async\" class=\"wp-image-866 size-full alignright\" src=\"http:\/\/www.kwforester.ro\/wp-content\/uploads\/2021\/10\/facilita-fiscali-2021-2025.jpg\" alt=\"\" width=\"900\" height=\"600\" srcset=\"https:\/\/www.kwforester.ro\/wp-content\/uploads\/2021\/10\/facilita-fiscali-2021-2025-200x133.jpg 200w, https:\/\/www.kwforester.ro\/wp-content\/uploads\/2021\/10\/facilita-fiscali-2021-2025-300x200.jpg 300w, https:\/\/www.kwforester.ro\/wp-content\/uploads\/2021\/10\/facilita-fiscali-2021-2025-400x267.jpg 400w, https:\/\/www.kwforester.ro\/wp-content\/uploads\/2021\/10\/facilita-fiscali-2021-2025-600x400.jpg 600w, https:\/\/www.kwforester.ro\/wp-content\/uploads\/2021\/10\/facilita-fiscali-2021-2025-768x512.jpg 768w, https:\/\/www.kwforester.ro\/wp-content\/uploads\/2021\/10\/facilita-fiscali-2021-2025-800x533.jpg 800w, https:\/\/www.kwforester.ro\/wp-content\/uploads\/2021\/10\/facilita-fiscali-2021-2025.jpg 900w\" sizes=\"(max-width: 900px) 100vw, 900px\" \/><\/pre>\n<p>\u00cen conformitate cu HG nr. 153\/2020 pentru stabilirea unor m\u0103suri fiscale de stimulare a men\u021binerii\/cre\u0219terii patrimoniului net \u0219i pentru completarea unor acte normative, se introduc m\u0103suri de reducere a impozitului pe profit, a impozitului pe veniturile micro\u00eentreprinderilor \u0219i a impozitului specific pentru perioada 2021 &#8211; 2025, dup\u0103 cum urmeaz\u0103:<\/p>\n<p>a) 2%, \u00een cazul \u00een care valoarea net\u0103 contabil\u0103 este pozitiv\u0103 \u00een anul financiar pentru care se datoreaz\u0103 impozitul. Valoarea net\u0103 contabil\u0103 trebuie s\u0103 \u00eendeplineasc\u0103 simultan condi\u021bia de a fi cel pu\u021bin egal\u0103 cu jum\u0103tate din capitalul social subscris;<\/p>\n<p>b) \u00een cazul \u00een care \u00eenregistreaz\u0103 o cre\u0219tere anual\u0103 a capitalurilor proprii ajustate din anul pentru care se datoreaz\u0103 impozitul fa\u021b\u0103 de capitalurile proprii ajustate \u00eenregistrate \u00een anul precedent \u0219i, \u00een acela\u0219i timp, \u00eendeplinesc condi\u021bia prev\u0103zut\u0103 la litera (a), reducerile au urm\u0103toarele valori:<\/p>\n<\/div>\n<div class=\"table-2\">\n<table width=\"auto\">\n<thead>\n<tr>\n<th style=\"text-align: center;\" align=\"left\">Procentul de reducere a impozitului<\/th>\n<th style=\"text-align: center;\" align=\"left\">Plaje de cre\u0219tere anual\u0103 a activelor nete ajustate<\/th>\n<\/tr>\n<\/thead>\n<tbody>\n<tr>\n<td style=\"text-align: center;\" align=\"left\">5%<\/td>\n<td style=\"text-align: center;\" align=\"left\">\u00cen limita a 5% inclusiv<\/td>\n<\/tr>\n<tr>\n<td style=\"text-align: center;\" align=\"left\">6%<\/td>\n<td style=\"text-align: center;\" align=\"left\">Peste 5% \u0219i p\u00e2n\u0103 la 10% inclusiv<\/td>\n<\/tr>\n<tr>\n<td style=\"text-align: center;\" align=\"left\">7%<\/td>\n<td style=\"text-align: center;\" align=\"left\">Peste 10% \u0219i p\u00e2n\u0103 la 15% inclusiv<\/td>\n<\/tr>\n<tr>\n<td style=\"text-align: center;\" align=\"left\">8%<\/td>\n<td style=\"text-align: center;\" align=\"left\">Peste 15% \u0219i p\u00e2n\u0103 la 20% inclusiv<\/td>\n<\/tr>\n<tr>\n<td style=\"text-align: center;\" align=\"left\">9%<\/td>\n<td style=\"text-align: center;\" align=\"left\">Peste 20% \u0219i p\u00e2n\u0103 la 25% inclusiv<\/td>\n<\/tr>\n<tr>\n<td style=\"text-align: center;\" align=\"left\">10%<\/td>\n<td style=\"text-align: center;\" align=\"left\">Peste 25%<\/td>\n<\/tr>\n<\/tbody>\n<\/table>\n<\/div>\n<div class=\"fusion-text fusion-text-2\"><p>c) 3%, \u00een cazul \u00een care contribuabilul \u00eenregistreaz\u0103 o cre\u0219tere a activelor nete ajustate din anul pentru care se datoreaz\u0103 impozitul \u00een raport cu activele nete ajustate \u00eenregistrate \u00een 2020 peste nivelul prev\u0103zut \u00een tabelul de mai jos \u0219i dac\u0103 \u00eendepline\u0219te simultan condi\u021bia prev\u0103zut\u0103 la litera (a).<\/p>\n<\/div>\n<div class=\"table-2\">\n<table width=\"auto\">\n<thead>\n<tr>\n<th style=\"text-align: center;\" align=\"left\">Anul pentru care se datoreaz\u0103 impozitul<\/th>\n<th style=\"text-align: center;\" align=\"left\">Cre\u0219terea procentual\u0103 minim\u0103 a activelor nete ajustate<\/th>\n<\/tr>\n<\/thead>\n<tbody>\n<tr>\n<td style=\"text-align: center;\" align=\"left\">2022<\/td>\n<td style=\"text-align: center;\" align=\"left\">5%<\/td>\n<\/tr>\n<tr>\n<td style=\"text-align: center;\" align=\"left\">2023<\/td>\n<td style=\"text-align: center;\" align=\"left\">10%<\/td>\n<\/tr>\n<tr>\n<td style=\"text-align: center;\" align=\"left\">2024<\/td>\n<td style=\"text-align: center;\" align=\"left\">15%<\/td>\n<\/tr>\n<tr>\n<td style=\"text-align: center;\" align=\"left\">2025<\/td>\n<td style=\"text-align: center;\" align=\"left\">20%<\/td>\n<\/tr>\n<\/tbody>\n<\/table>\n<p style=\"text-align: center;\"><em>* Reducerea de 3% se aplic\u0103 doar \u00eencep\u00e2nd cu anul 2022.<\/em><\/p>\n<\/div>\n<div class=\"fusion-text fusion-text-3\"><p>\u00cen cazul \u00een care sunt \u00eendeplinite dou\u0103 sau trei condi\u021bii pentru aplicarea reducerii, procentele se cumuleaz\u0103. Acordarea reducerilor se aplic\u0103 numai dac\u0103 este \u00eendeplinit\u0103 \u00een acela\u0219i timp condi\u021bia de a avea o valoare net\u0103 pozitiv\u0103.<\/p>\n<\/div><\/div><\/div><div class=\"fusion-layout-column fusion_builder_column fusion-builder-column-1 fusion_builder_column_1_1 1_1 fusion-flex-column\" style=\"--awb-bg-size:cover;--awb-width-large:100%;--awb-margin-top-large:0px;--awb-spacing-right-large:1.92%;--awb-margin-bottom-large:20px;--awb-spacing-left-large:1.92%;--awb-width-medium:100%;--awb-order-medium:0;--awb-spacing-right-medium:1.92%;--awb-spacing-left-medium:1.92%;--awb-width-small:100%;--awb-order-small:0;--awb-spacing-right-small:1.92%;--awb-spacing-left-small:1.92%;\"><div class=\"fusion-column-wrapper fusion-column-has-shadow fusion-flex-justify-content-flex-start fusion-content-layout-column\"><div class=\"fusion-builder-row fusion-builder-row-inner fusion-row fusion-flex-align-items-flex-start\" style=\"width:104% !important;max-width:104% !important;margin-left: calc(-4% \/ 2 );margin-right: calc(-4% \/ 2 );\"><div class=\"fusion-layout-column fusion_builder_column_inner fusion-builder-nested-column-0 fusion_builder_column_inner_1_1 1_1 fusion-flex-column\" style=\"--awb-padding-top:40px;--awb-padding-bottom:20px;--awb-bg-color:var(--awb-color2);--awb-bg-color-hover:var(--awb-color2);--awb-bg-size:cover;--awb-border-color:var(--awb-color4);--awb-border-bottom:2px;--awb-border-style:solid;--awb-width-large:100%;--awb-margin-top-large:0px;--awb-spacing-right-large:1.92%;--awb-margin-bottom-large:0px;--awb-spacing-left-large:1.92%;--awb-width-medium:100%;--awb-order-medium:0;--awb-spacing-right-medium:1.92%;--awb-spacing-left-medium:1.92%;--awb-width-small:100%;--awb-order-small:0;--awb-spacing-right-small:1.92%;--awb-spacing-left-small:1.92%;\"><div class=\"fusion-column-wrapper fusion-column-has-shadow fusion-flex-justify-content-flex-start fusion-content-layout-column\"><div class=\"fusion-text fusion-text-4 textoctanews\" style=\"--awb-content-alignment:center;\"><p>Vrei mai multe informa\u021bii?<\/p>\n<\/div><\/div><\/div><\/div><div style=\"text-align:center;\"><a class=\"fusion-button button-flat button-large button-default fusion-button-default button-1 fusion-button-default-span fusion-button-default-type btnctanews\" style=\"--button_text_transform:uppercase;\" target=\"_self\" href=\"#form_articolo\"><span class=\"fusion-button-text\">Contacta\u021bi-ne<\/span><\/a><\/div><\/div><\/div><div class=\"fusion-layout-column fusion_builder_column fusion-builder-column-2 fusion_builder_column_1_1 1_1 fusion-flex-column\" style=\"--awb-bg-size:cover;--awb-width-large:100%;--awb-margin-top-large:0px;--awb-spacing-right-large:1.92%;--awb-margin-bottom-large:20px;--awb-spacing-left-large:1.92%;--awb-width-medium:100%;--awb-order-medium:0;--awb-spacing-right-medium:1.92%;--awb-spacing-left-medium:1.92%;--awb-width-small:100%;--awb-order-small:0;--awb-spacing-right-small:1.92%;--awb-spacing-left-small:1.92%;\"><div class=\"fusion-column-wrapper fusion-column-has-shadow fusion-flex-justify-content-flex-start fusion-content-layout-column\"><div class=\"fusion-text fusion-text-5\"><pre><img decoding=\"async\" class=\"wp-image-869 size-full alignleft\" src=\"http:\/\/www.kwforester.ro\/wp-content\/uploads\/2021\/10\/applicazione-facilita-fiscale.jpg\" alt=\"\" width=\"900\" height=\"600\" srcset=\"https:\/\/www.kwforester.ro\/wp-content\/uploads\/2021\/10\/applicazione-facilita-fiscale-200x133.jpg 200w, https:\/\/www.kwforester.ro\/wp-content\/uploads\/2021\/10\/applicazione-facilita-fiscale-300x200.jpg 300w, https:\/\/www.kwforester.ro\/wp-content\/uploads\/2021\/10\/applicazione-facilita-fiscale-400x267.jpg 400w, https:\/\/www.kwforester.ro\/wp-content\/uploads\/2021\/10\/applicazione-facilita-fiscale-600x400.jpg 600w, https:\/\/www.kwforester.ro\/wp-content\/uploads\/2021\/10\/applicazione-facilita-fiscale-768x512.jpg 768w, https:\/\/www.kwforester.ro\/wp-content\/uploads\/2021\/10\/applicazione-facilita-fiscale-800x533.jpg 800w, https:\/\/www.kwforester.ro\/wp-content\/uploads\/2021\/10\/applicazione-facilita-fiscale.jpg 900w\" sizes=\"(max-width: 900px) 100vw, 900px\" \/><\/pre>\n<h2>Aplicarea facilit\u0103\u021bilor<\/h2>\n<ol>\n<li>pentru contribuabilii supu\u0219i impozitului pe profit &#8211; procentul de reducere se aplic\u0103 impozitului pe profit anual aferent anului \u00een care sunt \u00eendeplinite condi\u021biile de reducere, iar valoarea reducerii se scade din acesta;<\/li>\n<li>pentru contribuabilii supu\u0219i impozitului pe veniturile micro\u00eentreprinderilor &#8211; procentul aferent reducerii de impozit se aplic\u0103 la impozitul datorat pentru \u00eentregul exerci\u021biu financiar, iar impozitul aferent trimestrului IV se reduce cu valoarea reducerii rezultate;<\/li>\n<li>pentru micro\u00eentreprinderile care devin pl\u0103titoare de impozit pe profit \u00een anul pentru care se aplic\u0103 reducerea &#8211; reducerea procentual\u0103 se aplic\u0103 la impozitul pe venitul micro\u00eentreprinderii plus impozitul pe profit, iar valoarea reducerii rezultate se deduce din impozitul pe profit;<\/li>\n<li>pentru contribuabilii supu\u0219i impozitului specific &#8211; procentul de reducere a impozitului se aplic\u0103 asupra impozitului datorat pentru \u00eentregul an fiscal, iar valoarea reducerii rezultate este expirat\u0103 cu impozitul datorat pentru a doua jum\u0103tate a anului;<\/li>\n<\/ol>\n<\/div><\/div><\/div><div class=\"fusion-layout-column fusion_builder_column fusion-builder-column-3 fusion_builder_column_1_1 1_1 fusion-flex-column\" style=\"--awb-bg-size:cover;--awb-width-large:100%;--awb-margin-top-large:0px;--awb-spacing-right-large:1.92%;--awb-margin-bottom-large:20px;--awb-spacing-left-large:1.92%;--awb-width-medium:100%;--awb-order-medium:0;--awb-spacing-right-medium:1.92%;--awb-spacing-left-medium:1.92%;--awb-width-small:100%;--awb-order-small:0;--awb-spacing-right-small:1.92%;--awb-spacing-left-small:1.92%;\"><div class=\"fusion-column-wrapper fusion-column-has-shadow fusion-flex-justify-content-flex-start fusion-content-layout-column\"><div class=\"fusion-text fusion-text-6\"><pre><img decoding=\"async\" class=\"wp-image-872 size-full alignright\" src=\"http:\/\/www.kwforester.ro\/wp-content\/uploads\/2021\/10\/scadenze-presentazione-dichiarazione-fiscale.jpg\" alt=\"\" width=\"900\" height=\"600\" srcset=\"https:\/\/www.kwforester.ro\/wp-content\/uploads\/2021\/10\/scadenze-presentazione-dichiarazione-fiscale-200x133.jpg 200w, https:\/\/www.kwforester.ro\/wp-content\/uploads\/2021\/10\/scadenze-presentazione-dichiarazione-fiscale-300x200.jpg 300w, https:\/\/www.kwforester.ro\/wp-content\/uploads\/2021\/10\/scadenze-presentazione-dichiarazione-fiscale-400x267.jpg 400w, https:\/\/www.kwforester.ro\/wp-content\/uploads\/2021\/10\/scadenze-presentazione-dichiarazione-fiscale-600x400.jpg 600w, https:\/\/www.kwforester.ro\/wp-content\/uploads\/2021\/10\/scadenze-presentazione-dichiarazione-fiscale-768x512.jpg 768w, https:\/\/www.kwforester.ro\/wp-content\/uploads\/2021\/10\/scadenze-presentazione-dichiarazione-fiscale-800x533.jpg 800w, https:\/\/www.kwforester.ro\/wp-content\/uploads\/2021\/10\/scadenze-presentazione-dichiarazione-fiscale.jpg 900w\" sizes=\"(max-width: 900px) 100vw, 900px\" \/><\/pre>\n<h2>Termenele de depunere a declara\u021biilor \u0219i de plat\u0103 a impozitului \u00een timpul aplic\u0103rii facilit\u0103\u021bilor<\/h2>\n<ul>\n<li>pentru contribuabilii supu\u0219i impozitului pe profit &#8211; termenul de depunere a declara\u021biei fiscale anuale \u0219i de plat\u0103 a impozitului pe profit este p\u00e2n\u0103 la data de 25 iunie inclusiv a anului urm\u0103tor;<\/li>\n<li>pentru contribuabilii pl\u0103titori de impozit pe veniturile micro\u00eentreprinderilor &#8211; depunerea declara\u021biei pentru trimestrul IV \u0219i plata impozitului se face p\u00e2n\u0103 la data de 25 iunie inclusiv a anului urm\u0103tor;<\/li>\n<li>pentru contribuabilii supu\u0219i impozitului specific &#8211; depunerea declara\u021biei pentru a doua jum\u0103tate a anului \u0219i plata impozitului se face p\u00e2n\u0103 la data de 25 iunie inclusiv a anului urm\u0103tor.<\/li>\n<\/ul>\n<\/div><\/div><\/div><\/div><\/div>\n","protected":false},"excerpt":{"rendered":"","protected":false},"author":2,"featured_media":868,"comment_status":"closed","ping_status":"closed","sticky":false,"template":"","format":"standard","meta":{"_monsterinsights_skip_tracking":false,"_monsterinsights_sitenote_active":false,"_monsterinsights_sitenote_note":"","_monsterinsights_sitenote_category":0,"_expiration-date-status":"","_expiration-date":0,"_expiration-date-type":"","_expiration-date-categories":[],"_expiration-date-options":[]},"categories":[8],"tags":[],"acf":[],"yoast_head":"<!-- This site is optimized with the Yoast SEO plugin v20.7 - https:\/\/yoast.com\/wordpress\/plugins\/seo\/ -->\n<title>Facilit\u0103\u021bi fiscale pentru perioada 2021 - 2025 - KW Forester<\/title>\n<meta name=\"robots\" content=\"index, follow, max-snippet:-1, max-image-preview:large, max-video-preview:-1\" \/>\n<link rel=\"canonical\" href=\"https:\/\/www.kwforester.ro\/ro\/facilitati-fiscale-2021-2025\/\" \/>\n<meta property=\"og:locale\" content=\"ro_RO\" \/>\n<meta property=\"og:type\" content=\"article\" \/>\n<meta property=\"og:title\" content=\"Facilit\u0103\u021bi fiscale pentru perioada 2021 - 2025 - KW Forester\" \/>\n<meta property=\"og:url\" content=\"https:\/\/www.kwforester.ro\/ro\/facilitati-fiscale-2021-2025\/\" \/>\n<meta property=\"og:site_name\" content=\"KW Forester\" \/>\n<meta property=\"article:published_time\" content=\"2021-10-14T14:28:38+00:00\" \/>\n<meta property=\"article:modified_time\" content=\"2022-12-01T08:30:28+00:00\" \/>\n<meta property=\"og:image\" content=\"https:\/\/www.kwforester.ro\/wp-content\/uploads\/2021\/10\/facilita-fiscali-2021-2025.jpg\" \/>\n\t<meta property=\"og:image:width\" content=\"900\" \/>\n\t<meta property=\"og:image:height\" content=\"600\" \/>\n\t<meta property=\"og:image:type\" content=\"image\/jpeg\" \/>\n<meta name=\"author\" content=\"Web Master\" \/>\n<meta name=\"twitter:card\" content=\"summary_large_image\" \/>\n<meta name=\"twitter:label1\" content=\"Scris de\" \/>\n\t<meta name=\"twitter:data1\" content=\"Web Master\" \/>\n\t<meta name=\"twitter:label2\" content=\"Timp estimat pentru citire\" \/>\n\t<meta name=\"twitter:data2\" content=\"9 minute\" \/>\n<script type=\"application\/ld+json\" class=\"yoast-schema-graph\">{\"@context\":\"https:\/\/schema.org\",\"@graph\":[{\"@type\":\"WebPage\",\"@id\":\"https:\/\/www.kwforester.ro\/ro\/facilitati-fiscale-2021-2025\/\",\"url\":\"https:\/\/www.kwforester.ro\/ro\/facilitati-fiscale-2021-2025\/\",\"name\":\"Facilit\u0103\u021bi fiscale pentru perioada 2021 - 2025 - KW Forester\",\"isPartOf\":{\"@id\":\"https:\/\/www.kwforester.ro\/ro\/#website\"},\"datePublished\":\"2021-10-14T14:28:38+00:00\",\"dateModified\":\"2022-12-01T08:30:28+00:00\",\"author\":{\"@id\":\"https:\/\/www.kwforester.ro\/ro\/#\/schema\/person\/6d4958e9daeca0af9cfd455375b3b21b\"},\"breadcrumb\":{\"@id\":\"https:\/\/www.kwforester.ro\/ro\/facilitati-fiscale-2021-2025\/#breadcrumb\"},\"inLanguage\":\"ro-RO\",\"potentialAction\":[{\"@type\":\"ReadAction\",\"target\":[\"https:\/\/www.kwforester.ro\/ro\/facilitati-fiscale-2021-2025\/\"]}]},{\"@type\":\"BreadcrumbList\",\"@id\":\"https:\/\/www.kwforester.ro\/ro\/facilitati-fiscale-2021-2025\/#breadcrumb\",\"itemListElement\":[{\"@type\":\"ListItem\",\"position\":1,\"name\":\"Home\",\"item\":\"https:\/\/www.kwforester.ro\/ro\/\"},{\"@type\":\"ListItem\",\"position\":2,\"name\":\"Facilit\u0103\u021bi fiscale pentru perioada 2021 &#8211; 2025\"}]},{\"@type\":\"WebSite\",\"@id\":\"https:\/\/www.kwforester.ro\/ro\/#website\",\"url\":\"https:\/\/www.kwforester.ro\/ro\/\",\"name\":\"KW Forester\",\"description\":\"Business consulting for Italian activities in Romania\",\"potentialAction\":[{\"@type\":\"SearchAction\",\"target\":{\"@type\":\"EntryPoint\",\"urlTemplate\":\"https:\/\/www.kwforester.ro\/ro\/?s={search_term_string}\"},\"query-input\":\"required name=search_term_string\"}],\"inLanguage\":\"ro-RO\"},{\"@type\":\"Person\",\"@id\":\"https:\/\/www.kwforester.ro\/ro\/#\/schema\/person\/6d4958e9daeca0af9cfd455375b3b21b\",\"name\":\"Web Master\"}]}<\/script>\n<!-- \/ Yoast SEO plugin. -->","yoast_head_json":{"title":"Facilit\u0103\u021bi fiscale pentru perioada 2021 - 2025 - KW Forester","robots":{"index":"index","follow":"follow","max-snippet":"max-snippet:-1","max-image-preview":"max-image-preview:large","max-video-preview":"max-video-preview:-1"},"canonical":"https:\/\/www.kwforester.ro\/ro\/facilitati-fiscale-2021-2025\/","og_locale":"ro_RO","og_type":"article","og_title":"Facilit\u0103\u021bi fiscale pentru perioada 2021 - 2025 - KW Forester","og_url":"https:\/\/www.kwforester.ro\/ro\/facilitati-fiscale-2021-2025\/","og_site_name":"KW Forester","article_published_time":"2021-10-14T14:28:38+00:00","article_modified_time":"2022-12-01T08:30:28+00:00","og_image":[{"width":900,"height":600,"url":"https:\/\/www.kwforester.ro\/wp-content\/uploads\/2021\/10\/facilita-fiscali-2021-2025.jpg","type":"image\/jpeg"}],"author":"Web Master","twitter_card":"summary_large_image","twitter_misc":{"Scris de":"Web Master","Timp estimat pentru citire":"9 minute"},"schema":{"@context":"https:\/\/schema.org","@graph":[{"@type":"WebPage","@id":"https:\/\/www.kwforester.ro\/ro\/facilitati-fiscale-2021-2025\/","url":"https:\/\/www.kwforester.ro\/ro\/facilitati-fiscale-2021-2025\/","name":"Facilit\u0103\u021bi fiscale pentru perioada 2021 - 2025 - KW Forester","isPartOf":{"@id":"https:\/\/www.kwforester.ro\/ro\/#website"},"datePublished":"2021-10-14T14:28:38+00:00","dateModified":"2022-12-01T08:30:28+00:00","author":{"@id":"https:\/\/www.kwforester.ro\/ro\/#\/schema\/person\/6d4958e9daeca0af9cfd455375b3b21b"},"breadcrumb":{"@id":"https:\/\/www.kwforester.ro\/ro\/facilitati-fiscale-2021-2025\/#breadcrumb"},"inLanguage":"ro-RO","potentialAction":[{"@type":"ReadAction","target":["https:\/\/www.kwforester.ro\/ro\/facilitati-fiscale-2021-2025\/"]}]},{"@type":"BreadcrumbList","@id":"https:\/\/www.kwforester.ro\/ro\/facilitati-fiscale-2021-2025\/#breadcrumb","itemListElement":[{"@type":"ListItem","position":1,"name":"Home","item":"https:\/\/www.kwforester.ro\/ro\/"},{"@type":"ListItem","position":2,"name":"Facilit\u0103\u021bi fiscale pentru perioada 2021 &#8211; 2025"}]},{"@type":"WebSite","@id":"https:\/\/www.kwforester.ro\/ro\/#website","url":"https:\/\/www.kwforester.ro\/ro\/","name":"KW Forester","description":"Business consulting for Italian activities in Romania","potentialAction":[{"@type":"SearchAction","target":{"@type":"EntryPoint","urlTemplate":"https:\/\/www.kwforester.ro\/ro\/?s={search_term_string}"},"query-input":"required name=search_term_string"}],"inLanguage":"ro-RO"},{"@type":"Person","@id":"https:\/\/www.kwforester.ro\/ro\/#\/schema\/person\/6d4958e9daeca0af9cfd455375b3b21b","name":"Web Master"}]}},"_links":{"self":[{"href":"https:\/\/www.kwforester.ro\/ro\/wp-json\/wp\/v2\/posts\/1054"}],"collection":[{"href":"https:\/\/www.kwforester.ro\/ro\/wp-json\/wp\/v2\/posts"}],"about":[{"href":"https:\/\/www.kwforester.ro\/ro\/wp-json\/wp\/v2\/types\/post"}],"author":[{"embeddable":true,"href":"https:\/\/www.kwforester.ro\/ro\/wp-json\/wp\/v2\/users\/2"}],"replies":[{"embeddable":true,"href":"https:\/\/www.kwforester.ro\/ro\/wp-json\/wp\/v2\/comments?post=1054"}],"version-history":[{"count":2,"href":"https:\/\/www.kwforester.ro\/ro\/wp-json\/wp\/v2\/posts\/1054\/revisions"}],"predecessor-version":[{"id":1068,"href":"https:\/\/www.kwforester.ro\/ro\/wp-json\/wp\/v2\/posts\/1054\/revisions\/1068"}],"wp:featuredmedia":[{"embeddable":true,"href":"https:\/\/www.kwforester.ro\/ro\/wp-json\/wp\/v2\/media\/868"}],"wp:attachment":[{"href":"https:\/\/www.kwforester.ro\/ro\/wp-json\/wp\/v2\/media?parent=1054"}],"wp:term":[{"taxonomy":"category","embeddable":true,"href":"https:\/\/www.kwforester.ro\/ro\/wp-json\/wp\/v2\/categories?post=1054"},{"taxonomy":"post_tag","embeddable":true,"href":"https:\/\/www.kwforester.ro\/ro\/wp-json\/wp\/v2\/tags?post=1054"}],"curies":[{"name":"wp","href":"https:\/\/api.w.org\/{rel}","templated":true}]}}