{"id":1429,"date":"2023-04-19T17:41:43","date_gmt":"2023-04-19T15:41:43","guid":{"rendered":"https:\/\/www.kwforester.ro\/?p=1429"},"modified":"2023-04-20T17:38:26","modified_gmt":"2023-04-20T15:38:26","slug":"membro-dellequipaggio-di-volo-compagnia-aerea","status":"publish","type":"post","link":"https:\/\/www.kwforester.ro\/ro\/membro-dellequipaggio-di-volo-compagnia-aerea\/","title":{"rendered":"Membru al echipajului de zbor al unei companii aeriene"},"content":{"rendered":"<div class=\"fusion-fullwidth fullwidth-box fusion-builder-row-1 fusion-flex-container news_seo nonhundred-percent-fullwidth non-hundred-percent-height-scrolling\" style=\"--awb-border-radius-top-left:0px;--awb-border-radius-top-right:0px;--awb-border-radius-bottom-right:0px;--awb-border-radius-bottom-left:0px;\" ><div class=\"fusion-builder-row fusion-row fusion-flex-align-items-flex-start\" style=\"max-width:1248px;margin-left: calc(-4% \/ 2 );margin-right: calc(-4% \/ 2 );\"><div class=\"fusion-layout-column fusion_builder_column fusion-builder-column-0 fusion_builder_column_1_1 1_1 fusion-flex-column\" style=\"--awb-bg-size:cover;--awb-width-large:100%;--awb-margin-top-large:0px;--awb-spacing-right-large:1.92%;--awb-margin-bottom-large:20px;--awb-spacing-left-large:1.92%;--awb-width-medium:100%;--awb-order-medium:0;--awb-spacing-right-medium:1.92%;--awb-spacing-left-medium:1.92%;--awb-width-small:100%;--awb-order-small:0;--awb-spacing-right-small:1.92%;--awb-spacing-left-small:1.92%;\"><div class=\"fusion-column-wrapper fusion-column-has-shadow fusion-flex-justify-content-flex-start fusion-content-layout-column\"><div class=\"fusion-text fusion-text-1\"><p><img decoding=\"async\" class=\"alignright wp-image-1425 size-full\" src=\"https:\/\/www.kwforester.ro\/wp-content\/uploads\/2023\/04\/Femmina-pilota.jpg\" alt=\"\" width=\"900\" height=\"600\" srcset=\"https:\/\/www.kwforester.ro\/wp-content\/uploads\/2023\/04\/Femmina-pilota-200x133.jpg 200w, https:\/\/www.kwforester.ro\/wp-content\/uploads\/2023\/04\/Femmina-pilota-300x200.jpg 300w, https:\/\/www.kwforester.ro\/wp-content\/uploads\/2023\/04\/Femmina-pilota-400x267.jpg 400w, https:\/\/www.kwforester.ro\/wp-content\/uploads\/2023\/04\/Femmina-pilota-600x400.jpg 600w, https:\/\/www.kwforester.ro\/wp-content\/uploads\/2023\/04\/Femmina-pilota-768x512.jpg 768w, https:\/\/www.kwforester.ro\/wp-content\/uploads\/2023\/04\/Femmina-pilota-800x533.jpg 800w, https:\/\/www.kwforester.ro\/wp-content\/uploads\/2023\/04\/Femmina-pilota.jpg 900w\" sizes=\"(max-width: 900px) 100vw, 900px\" \/><\/p>\n<p>Dac\u0103 esti <strong>cet\u0103<\/strong><strong>\u021b<\/strong><strong>ean italian<\/strong> \u0219i cet\u0103\u021bean UE \u0219i lucrezi ca membru al unui echipaj de zbor pentru o companie aerian\u0103 din UE, iar <u>loca\u0163ia ta de baz\u0103<\/u> se afl\u0103 \u00een Rom\u00e2nia, este posibil s\u0103 dore\u0219ti s\u0103 afli c\u00e2teva informa\u021bii despre posibilele tale obliga\u021bii fiscale.<\/p>\n<p>S\u0103 presupunem c\u0103 ai un contract de prest\u0103ri servicii, \u0219i nu un contract individual de munc\u0103, cu o companie aerian\u0103 cu sediul \u00een UE, dar nu \u00een Rom\u00e2nia, \u0219i c\u0103, din motive personale, alegi Rom\u00e2nia ca loca\u0163ie de baz\u0103.<\/p>\n<p>A\u0219adar, premisele sunt:<\/p>\n<ul>\n<li>Persoana fizic\u0103 nerezident\u0103 \u00ee\u0219i declar\u0103 loca\u0163ia de baz\u0103 \u00een Rom\u00e2nia<\/li>\n<li>Persoana fizic\u0103 nerezident\u0103 a \u00eencheiat un contract de prest\u0103ri servicii cu o societate cu sediul \u00een UE, dar care nu este o societate de drept rom\u00e2n \u0219i nici nu are o sucursal\u0103 \u00een Rom\u00e2nia.\u00a0 Acest contract stipuleaz\u0103 c\u0103 persoana fizic\u0103 nerezident\u0103 este responsabil\u0103 pentru plata impozitului \u0219i a contribu\u021biilor sociale.<\/li>\n<\/ul>\n<\/div><\/div><\/div><div class=\"fusion-layout-column fusion_builder_column fusion-builder-column-1 fusion_builder_column_1_1 1_1 fusion-flex-column\" style=\"--awb-bg-size:cover;--awb-width-large:100%;--awb-margin-top-large:0px;--awb-spacing-right-large:1.92%;--awb-margin-bottom-large:20px;--awb-spacing-left-large:1.92%;--awb-width-medium:100%;--awb-order-medium:0;--awb-spacing-right-medium:1.92%;--awb-spacing-left-medium:1.92%;--awb-width-small:100%;--awb-order-small:0;--awb-spacing-right-small:1.92%;--awb-spacing-left-small:1.92%;\"><div class=\"fusion-column-wrapper fusion-column-has-shadow fusion-flex-justify-content-flex-start fusion-content-layout-column\"><div class=\"fusion-text fusion-text-2\"><h2><strong>\u00centrebare: Ce obliga<\/strong><strong>\u021b<\/strong><strong>ii fiscale apar pe teritoriul Rom<\/strong><strong>\u00e2<\/strong><strong>niei pentru persoana fizic<\/strong><strong>\u0103<\/strong><strong> nerezident<\/strong><strong>\u0103<\/strong><strong>?<\/strong><\/h2>\n<p>\u00cen realizarea r\u0103spunsului nostru, vom porni de la <u>loca\u0163ia de baz\u0103<\/u>, dat fiind faptul c\u0103 aceasta genereaz\u0103 obliga\u021bii fiscale \u0219i contributive pe teritoriul Rom\u00e2niei.<\/p>\n<p>\u00cen conformitate cu Anexa III din <strong>Regulamentul 3922\/91 CE<\/strong> privind armonizarea cerin\u0163elor tehnice \u015fi a procedurilor administrative \u00een domeniul avia\u0163iei civile, fiecare operator aerian <strong>are obliga\u0163ia<\/strong> de a stabili o <strong>baz\u0103 de domiciliu<\/strong> pentru fiecare membru al echipajului.<\/p>\n<p><strong>Baza de domiciliu<\/strong> este definit\u0103 ca fiind loca\u0163ia desemnat\u0103 de operator membrului echipajului de unde \u00een mod normal membrul echipajului \u00eencepe \u015fi \u00eencheie o perioad\u0103 de serviciu sau o serie de perioade de serviciu \u015fi unde, \u00een condi\u0163ii normale, operatorul nu este responsabil pentru cazarea membrului echipajului.<\/p>\n<p>Regulamentul prevede faptul c\u0103 operatorii trebuie s\u0103 \u0163in\u0103 seama de prevederile din subsec\u0163iunea N a anexei III atunci c\u00e2nd se folosesc de serviciile unor membri ai echipajului care sunt proprii angaja\u0163i \u015fi\/sau lucreaz\u0103 independent (freelance) sau sunt angaja\u0163i cu norm\u0103 par\u0163ial\u0103.<\/p>\n<p><strong>Regulamentul (CE) nr. 883\/2004<\/strong> privind coordonarea sistemelor de securitate social\u0103 specific\u0103 faptul c\u0103 o persoan\u0103 care desf\u0103\u015foar\u0103 o activitate salariat\u0103 sau independent\u0103 \u00eentr-un stat membru (\u00een cazul nostru unde este baza de domiciliu, deci Rom\u00e2nia) se supune legisla\u0163iei din statul membru respectiv (Rom\u00e2nia).<\/p>\n<p><strong>O activitate desf\u0103\u015furat\u0103<\/strong> \u00een calitate de membru al echipajului de comand\u0103 sau al echipajului de cabin\u0103 care furnizeaz\u0103 servicii de transport aerian de pasageri sau de m\u0103rfuri <strong>este considerat\u0103 a fi o activitate desf\u0103\u015furat\u0103 \u00een statul membru<\/strong> \u00een care se afl\u0103 <strong>baza de re\u015fedin\u0163\u0103<\/strong>, astfel cum este definit\u0103 \u00een anexa III la Regulamentul (CEE) nr. 3922\/91.<\/p>\n<p><strong>Regulamentul (CE) 593\/2008<\/strong> privind legea aplicabil\u0103 obliga\u0163iilor contractuale (Roma I) stabile\u015fte c\u0103 contractul individual de munca este reglementat de legea aleas\u0103 de p\u0103r\u0163i.<\/p>\n<p>Cu toate acestea, o astfel de alegere nu poate priva angajatul de protec\u0163ia acordat\u0103 acestuia \u00een temeiul dispozi\u0163iilor de la care nu se poate deroga prin Conven\u0163ie \u00een virtutea legii care, \u00een absen\u0163a unei alegeri, ar fi fost aplicabil\u0103 \u00een situa\u0163iile urm\u0103toare.<\/p>\n<p>Astfel, \u00een m\u0103sura \u00een care legea aplicabil\u0103 contractului individual de munc\u0103 nu a fost aleas\u0103 de p\u0103r\u0163i (sau chiar dac\u0103 este aleas\u0103, potrivit conven\u0163iilor de la care nu se poate deroga, legea aplicabil\u0103 este expres reglementat\u0103), <strong>contractul este reglementat de legea \u0163\u0103rii<\/strong> \u00een care angajatul \u00ee\u015fi desf\u0103\u015foar\u0103 \u00een mod obi\u015fnuit activitatea \u00een executarea contractului (\u00een cazul nostru Rom\u00e2nia). \u00cen cazul \u00een care salariatul este angajat temporar \u00eentr-o alt\u0103 \u0163ar\u0103, nu se consider\u0103 c\u0103 \u015fi-a schimbat locul de desf\u0103\u015furare a muncii \u00een mod obi\u015fnuit.<\/p>\n<p>\u00cen cazul \u00een care legea aplicabil\u0103 nu poate fi determinat\u0103, contractul este reglementat de legea \u0163\u0103rii \u00een care este situat\u0103 unitatea angajatoare.<\/p>\n<h2 style=\"font-weight: 400;\"><\/h2>\n<\/div><\/div><\/div><div class=\"fusion-layout-column fusion_builder_column fusion-builder-column-2 fusion_builder_column_1_1 1_1 fusion-flex-column\" style=\"--awb-bg-size:cover;--awb-width-large:100%;--awb-margin-top-large:0px;--awb-spacing-right-large:1.92%;--awb-margin-bottom-large:20px;--awb-spacing-left-large:1.92%;--awb-width-medium:100%;--awb-order-medium:0;--awb-spacing-right-medium:1.92%;--awb-spacing-left-medium:1.92%;--awb-width-small:100%;--awb-order-small:0;--awb-spacing-right-small:1.92%;--awb-spacing-left-small:1.92%;\"><div class=\"fusion-column-wrapper fusion-column-has-shadow fusion-flex-justify-content-flex-start fusion-content-layout-column\"><div class=\"fusion-builder-row fusion-builder-row-inner fusion-row fusion-flex-align-items-flex-start\" style=\"width:104% !important;max-width:104% !important;margin-left: calc(-4% \/ 2 );margin-right: calc(-4% \/ 2 );\"><div class=\"fusion-layout-column fusion_builder_column_inner fusion-builder-nested-column-0 fusion_builder_column_inner_1_1 1_1 fusion-flex-column\" style=\"--awb-padding-top:40px;--awb-padding-bottom:20px;--awb-bg-color:var(--awb-color2);--awb-bg-color-hover:var(--awb-color2);--awb-bg-size:cover;--awb-border-color:var(--awb-color4);--awb-border-bottom:2px;--awb-border-style:solid;--awb-width-large:100%;--awb-margin-top-large:0px;--awb-spacing-right-large:1.92%;--awb-margin-bottom-large:0px;--awb-spacing-left-large:1.92%;--awb-width-medium:100%;--awb-order-medium:0;--awb-spacing-right-medium:1.92%;--awb-spacing-left-medium:1.92%;--awb-width-small:100%;--awb-order-small:0;--awb-spacing-right-small:1.92%;--awb-spacing-left-small:1.92%;\"><div class=\"fusion-column-wrapper fusion-column-has-shadow fusion-flex-justify-content-flex-start fusion-content-layout-column\"><div class=\"fusion-text fusion-text-3 textoctanews\" style=\"--awb-content-alignment:center;\"><p>Ai nevoie de mai multe informatii?<\/p>\n<\/div><\/div><\/div><\/div><div style=\"text-align:center;\"><a class=\"fusion-button button-flat button-large button-default fusion-button-default button-1 fusion-button-default-span fusion-button-default-type btnctanews\" style=\"--button_text_transform:uppercase;\" target=\"_self\" href=\"#form_articolo\"><span class=\"fusion-button-text\">Contacteaza-ne<\/span><\/a><\/div><\/div><\/div><div class=\"fusion-layout-column fusion_builder_column fusion-builder-column-3 fusion_builder_column_1_1 1_1 fusion-flex-column\" style=\"--awb-bg-size:cover;--awb-width-large:100%;--awb-margin-top-large:0px;--awb-spacing-right-large:1.92%;--awb-margin-bottom-large:20px;--awb-spacing-left-large:1.92%;--awb-width-medium:100%;--awb-order-medium:0;--awb-spacing-right-medium:1.92%;--awb-spacing-left-medium:1.92%;--awb-width-small:100%;--awb-order-small:0;--awb-spacing-right-small:1.92%;--awb-spacing-left-small:1.92%;\"><div class=\"fusion-column-wrapper fusion-column-has-shadow fusion-flex-justify-content-flex-start fusion-content-layout-column\"><div class=\"fusion-text fusion-text-4\"><h2>Dar de ce vorbim despre contract individual de munc\u0103 dac\u0103 \u00een premize am men\u021bionat contractul de prest\u0103ri servicii?<\/h2>\n<p>Potrivit art. 7 din Codul Fiscal rom\u00e2nesc, <strong>este considerat\u0103 activitate dependent\u0103<\/strong> orice activitate desf\u0103\u015furat\u0103 de o persoan\u0103 fizic\u0103 \u00eentr-o rela\u0163ie de angajare generatoare de venituri.<\/p>\n<p>Dac\u0103 o activitate \u00eendepline\u015fte cel pu\u0163in 4 dintre cele 7 condi\u0163ii men\u0163ionate mai jos, ea poate fi calificat\u0103 drept activitate independent\u0103:<\/p>\n<ol>\n<li><em>persoana fizic\u0103 <strong>dispune de libertatea<\/strong> de alegere a locului \u015fi a modului de desf\u0103\u015furare a activit\u0103\u0163ii, precum \u015fi a programului de lucru;<\/em><\/li>\n<li><em>persoana fizic\u0103 dispune de libertatea de a desf\u0103\u015fura activitate pentru <strong>mai mul\u0163i clien\u0163i;<\/strong><\/em><\/li>\n<li><strong><em>riscurile<\/em><\/strong><em> inerente activit\u0103\u0163ii sunt <strong>asumate<\/strong> de c\u0103tre <strong>persoana fizic\u0103<\/strong> ce desf\u0103\u015foar\u0103 activitatea;<\/em><\/li>\n<li><em>activitatea se realizeaza prin utilizarea <strong>patrimoniului persoanei fizice<\/strong> care o desfasoara;<\/em><\/li>\n<li><em>activitatea se realizeaz\u0103 de persoana fizic\u0103 prin utilizarea capacit\u0103\u0163ii intelectuale \u015fi\/sau a presta\u0163iei fizice a acesteia, \u00een func\u0163ie de specificul activit\u0103\u0163ii;<\/em><\/li>\n<li><em>persoana fizic\u0103 face parte dintr-un corp\/ordin profesional cu rol de reprezentare, reglementare \u015fi supraveghere a profesiei desf\u0103\u015furate, potrivit actelor normative speciale care reglementeaz\u0103 organizarea \u015fi exercitarea profesiei respective;<\/em><\/li>\n<li><em>persoana fizic\u0103 <strong>dispune de libertatea<\/strong> de a desf\u0103\u015fura activitatea direct, <strong>cu personal angajat sau prin colaborare<\/strong> cu ter\u0163e persoane \u00een condi\u0163iile legii.<\/em><\/li>\n<\/ol>\n<p>\u00cen cazul unui membru al echipajului de zbor, criteriul nr. 1 nu este \u00eendeplinit, deoarece acesta nu are libertatea de a alege locul \u0219i modul de desf\u0103\u0219urare a activit\u0103\u021bii, precum \u0219i programul de lucru, acestea fiind \u00a0impuse de compania aerian\u0103. \u00cen plus, criteriile 3, 4 \u0219i 7 nu sunt \u00eendeplinite nici ele, astfel \u00eenc\u00e2t se poate spune c\u0103 activitatea membrului nostru al echipajului de zbor <strong>este, din toate punctele de vedere, o activitate salariat<\/strong><strong>\u0103<\/strong>.<\/p>\n<p>Av\u00e2nd \u00een vedere c\u0103 activitatea este considerat\u0103 dependent\u0103, contribu\u0163iile sociale datorate sunt cele aferente veniturilor salariale ob\u021binute \u00een baza unui contract individual de munc\u0103, chiar dac\u0103 p\u0103r\u021bile au \u00eencheiat un contract de prest\u0103ri servicii.<\/p>\n<p><strong>Art. 21 din Regulamentul CE 987\/2009<\/strong> de stabilire a procedurii de punere \u00een aplicare a Regulamentului (CE) nr. 883\/2004 privind coordonarea sistemelor de securitate sociala prevede:<\/p>\n<ol>\n<li>Un angajator care \u00ee\u015fi are sediul social sau reprezentan\u0163a \u00een afara statului membru competent (\u00een cazul nostru Rom\u00e2nia) <strong>este obligat s\u0103 respecte toate obliga\u0163iile<\/strong> stabilite de legisla\u0163ia aplicabil\u0103 angaja\u0163ilor s\u0103i, mai ales obliga\u0163ia de a achita cotiza\u0163iile prev\u0103zute \u00een acea legisla\u0163ie, ca \u015fi c\u00e2nd sediul s\u0103u social sau reprezentan\u0163a sa s-ar afla \u00een statul membru competent.<\/li>\n<li>Angajatorul care nu are o reprezentan\u0163\u0103 \u00een statul membru a c\u0103rui legisla\u0163ie este aplicabil\u0103 poate c\u0103dea de acord cu angajatul ca acesta din urm\u0103 s\u0103 poat\u0103 \u00eendeplini obliga\u0163iile angajatorului \u00een numele s\u0103u \u00een ceea ce prive\u015fte plata cotiza\u0163iilor, f\u0103r\u0103 a aduce atingere obliga\u0163iilor de baz\u0103 ale angajatorului. Angajatorul face cunoscut\u0103 o astfel de \u00een\u0163elegere institu\u0163iei competente din respectivul stat membru.<\/li>\n<\/ol>\n<p>\u00cen Rom\u00e2nia declararea <strong>veniturilor salariale primite din str\u0103in\u0103tate<\/strong> este reglementat\u0103 prin Ordinul Agen\u0163iei Na\u0163ionale de Administrare Fiscal\u0103 (OANAF) nr. 3706 \/27 decembrie 2016 pentru aprobarea Procedurii de \u00eenregistrare a acordurilor \u00eencheiate de angajatori nereziden\u0163i care nu au sediu social, sediu permanent sau reprezentan\u0163\u0103 \u00een Rom\u00e2nia \u015fi care datoreaz\u0103 contribu\u0163iile sociale obligatorii pentru salaria\u0163ii lor, potrivit prevederilor legisla\u0163iei europene aplicabile \u00een domeniul securit\u0103\u0163ii sociale, precum \u015fi ale acordurilor privind sistemele de securitate social\u0103 la care Rom\u00e2nia este parte, precum \u015fi a altor aspecte procedurale.<\/p>\n<p>\u00cen ceea ce prive\u0219te plata impozitelor pe veniturile din salarii, trebuie s\u0103 se \u021bin\u0103 cont \u0219i de conven\u021biile de evitare a dublei impuneri pe care Rom\u00e2nia le-a \u00eencheiat cu diferite \u021b\u0103ri. Principalele cazuri se refer\u0103 la:<\/p>\n<ul>\n<li>\u021a\u0103ri cu conven\u021bie care prevede impozitarea veniturilor \u00een \u021bara \u00een care compania aerian\u0103 \u00ee\u0219i are sediul social<\/li>\n<li>\u021a\u0103ri cu conven\u021bie care prevede impozitarea veniturilor exclusiv \u00een \u021bara de re\u0219edin\u021b\u0103 a salariatului.<\/li>\n<\/ul>\n<p>Ca regul\u0103 general\u0103, <strong>veniturile salariale<\/strong> ob\u021binute de persoanele fizice nerezidente care <strong>lucreaz<\/strong><strong>\u0103<\/strong> <strong>\u00ee<\/strong><strong>n Rom<\/strong><strong>\u00e2<\/strong><strong>nia<\/strong> <u>sunt impozabile<\/u> dac\u0103 persoana fizic\u0103 este prezent\u0103 \u00een Rom\u00e2nia una sau mai multe perioade care <strong>dep\u0103<\/strong><strong>\u0219<\/strong><strong>esc <\/strong><strong>\u00ee<\/strong><strong>n total 183 de zile<\/strong> \u00een orice perioad\u0103 din cele 12 luni consecutive care se \u00eencheie \u00een anul calendaristic \u00een cauz\u0103 sau \u00een perioada \u0219i \u00een condi\u021biile specificate \u00een Conven\u021bia de evitare a dublei impuneri \u00eencheiat\u0103 \u00eentre Rom\u00e2nia \u0219i Italia \u0219i numai dac\u0103 persoana fizic\u0103 \u00ee\u0219i dovede\u0219te re\u0219edin\u021ba \u00een Italia prin intermediul unui certificat de reziden\u021b\u0103 fiscal\u0103 eliberat de autoritatea italian\u0103 competent\u0103.<\/p>\n<p>\u00cen cazul \u00een care membrii echipajului de zbor lucreaz\u0103 mai mult de 183 de zile \u00een Rom\u00e2nia, ace\u0219tia sunt, de asemenea, obliga\u021bi s\u0103 completeze \u0219i s\u0103 depun\u0103 la agen\u021bia fiscal\u0103 competent\u0103 Chestionarul de stabilire a reziden\u021bei fiscale la sosirea \u00een Rom\u00e2nia, chestionar care trebuie depus la autoritatea competent\u0103 \u00een termen de 30 de zile de la data la care se \u00eemplinesc cele 183 de zile de prezen\u021b\u0103 \u00een Rom\u00e2nia.<\/p>\n<p>Legisla\u021bia care reglementeaz\u0103 rela\u021biile de munc\u0103 ale membrilor echipajului de zbor nu este \u00een \u00eentregime clar\u0103 \u0219i bine definit\u0103 \u0219i consider\u0103m c\u0103, \u00een unele cazuri, protec\u021bia acestei categorii de lucr\u0103tori lipse\u0219te.<\/p>\n<p>Dac\u0103 e\u015fti un lucr\u0103tor care face parte din aceast\u0103 categorie \u0219i ai ales s\u0103 ai loca\u0163ia de baz\u0103 \u00een Rom\u00e2nia, suntem convin\u0219i c\u0103 e\u0219ti interesat s\u0103 afli ce obliga\u021bii presupune contractul de munc\u0103\/servicii pentru tine &#8211; persoan\u0103 fizic\u0103 nerezident\u0103 &#8211; pe teritoriul Rom\u00e2niei.<\/p>\n<\/div><div class=\"fusion-text fusion-text-5\" style=\"--awb-margin-top:3%;\"><p><em>\u00ce\u0163i st\u0103m la dispozi\u021bie pentru orice nevoi, clarific\u0103ri sau sprijin.<\/em><\/p>\n<\/div><\/div><\/div><\/div><\/div>\n","protected":false},"excerpt":{"rendered":"","protected":false},"author":3,"featured_media":1427,"comment_status":"closed","ping_status":"closed","sticky":false,"template":"","format":"standard","meta":{"_monsterinsights_skip_tracking":false,"_monsterinsights_sitenote_active":false,"_monsterinsights_sitenote_note":"","_monsterinsights_sitenote_category":0,"_expiration-date-status":"","_expiration-date":0,"_expiration-date-type":"","_expiration-date-categories":[],"_expiration-date-options":[]},"categories":[8],"tags":[],"acf":[],"yoast_head":"<!-- This site is optimized with the Yoast SEO plugin v20.7 - https:\/\/yoast.com\/wordpress\/plugins\/seo\/ -->\n<title>Membru al echipajului de zbor al unei companii aeriene - KW Forester<\/title>\n<meta name=\"robots\" content=\"index, follow, max-snippet:-1, max-image-preview:large, max-video-preview:-1\" \/>\n<link rel=\"canonical\" href=\"https:\/\/www.kwforester.ro\/ro\/membro-dellequipaggio-di-volo-compagnia-aerea\/\" \/>\n<meta property=\"og:locale\" content=\"ro_RO\" \/>\n<meta property=\"og:type\" content=\"article\" \/>\n<meta property=\"og:title\" content=\"Membru al echipajului de zbor al unei companii aeriene - KW Forester\" \/>\n<meta property=\"og:url\" content=\"https:\/\/www.kwforester.ro\/ro\/membro-dellequipaggio-di-volo-compagnia-aerea\/\" \/>\n<meta property=\"og:site_name\" content=\"KW Forester\" \/>\n<meta property=\"article:published_time\" content=\"2023-04-19T15:41:43+00:00\" \/>\n<meta property=\"article:modified_time\" content=\"2023-04-20T15:38:26+00:00\" \/>\n<meta property=\"og:image\" content=\"https:\/\/www.kwforester.ro\/wp-content\/uploads\/2023\/04\/Femmina-pilota.jpg\" \/>\n\t<meta property=\"og:image:width\" content=\"900\" \/>\n\t<meta property=\"og:image:height\" content=\"600\" \/>\n\t<meta property=\"og:image:type\" content=\"image\/jpeg\" \/>\n<meta name=\"author\" content=\"r.roman@kwforester.ro\" \/>\n<meta name=\"twitter:card\" content=\"summary_large_image\" \/>\n<meta name=\"twitter:label1\" content=\"Scris de\" \/>\n\t<meta name=\"twitter:data1\" content=\"r.roman@kwforester.ro\" \/>\n\t<meta name=\"twitter:label2\" content=\"Timp estimat pentru citire\" \/>\n\t<meta name=\"twitter:data2\" content=\"13 minute\" \/>\n<script type=\"application\/ld+json\" class=\"yoast-schema-graph\">{\"@context\":\"https:\/\/schema.org\",\"@graph\":[{\"@type\":\"WebPage\",\"@id\":\"https:\/\/www.kwforester.ro\/ro\/membro-dellequipaggio-di-volo-compagnia-aerea\/\",\"url\":\"https:\/\/www.kwforester.ro\/ro\/membro-dellequipaggio-di-volo-compagnia-aerea\/\",\"name\":\"Membru al echipajului de zbor al unei companii aeriene - KW Forester\",\"isPartOf\":{\"@id\":\"https:\/\/www.kwforester.ro\/ro\/#website\"},\"datePublished\":\"2023-04-19T15:41:43+00:00\",\"dateModified\":\"2023-04-20T15:38:26+00:00\",\"author\":{\"@id\":\"https:\/\/www.kwforester.ro\/ro\/#\/schema\/person\/2f841a567233942299815af093d78ec5\"},\"breadcrumb\":{\"@id\":\"https:\/\/www.kwforester.ro\/ro\/membro-dellequipaggio-di-volo-compagnia-aerea\/#breadcrumb\"},\"inLanguage\":\"ro-RO\",\"potentialAction\":[{\"@type\":\"ReadAction\",\"target\":[\"https:\/\/www.kwforester.ro\/ro\/membro-dellequipaggio-di-volo-compagnia-aerea\/\"]}]},{\"@type\":\"BreadcrumbList\",\"@id\":\"https:\/\/www.kwforester.ro\/ro\/membro-dellequipaggio-di-volo-compagnia-aerea\/#breadcrumb\",\"itemListElement\":[{\"@type\":\"ListItem\",\"position\":1,\"name\":\"Home\",\"item\":\"https:\/\/www.kwforester.ro\/ro\/\"},{\"@type\":\"ListItem\",\"position\":2,\"name\":\"Membru al echipajului de zbor al unei companii aeriene\"}]},{\"@type\":\"WebSite\",\"@id\":\"https:\/\/www.kwforester.ro\/ro\/#website\",\"url\":\"https:\/\/www.kwforester.ro\/ro\/\",\"name\":\"KW Forester\",\"description\":\"Business consulting for Italian activities in Romania\",\"potentialAction\":[{\"@type\":\"SearchAction\",\"target\":{\"@type\":\"EntryPoint\",\"urlTemplate\":\"https:\/\/www.kwforester.ro\/ro\/?s={search_term_string}\"},\"query-input\":\"required name=search_term_string\"}],\"inLanguage\":\"ro-RO\"},{\"@type\":\"Person\",\"@id\":\"https:\/\/www.kwforester.ro\/ro\/#\/schema\/person\/2f841a567233942299815af093d78ec5\",\"name\":\"r.roman@kwforester.ro\"}]}<\/script>\n<!-- \/ Yoast SEO plugin. -->","yoast_head_json":{"title":"Membru al echipajului de zbor al unei companii aeriene - KW Forester","robots":{"index":"index","follow":"follow","max-snippet":"max-snippet:-1","max-image-preview":"max-image-preview:large","max-video-preview":"max-video-preview:-1"},"canonical":"https:\/\/www.kwforester.ro\/ro\/membro-dellequipaggio-di-volo-compagnia-aerea\/","og_locale":"ro_RO","og_type":"article","og_title":"Membru al echipajului de zbor al unei companii aeriene - KW Forester","og_url":"https:\/\/www.kwforester.ro\/ro\/membro-dellequipaggio-di-volo-compagnia-aerea\/","og_site_name":"KW Forester","article_published_time":"2023-04-19T15:41:43+00:00","article_modified_time":"2023-04-20T15:38:26+00:00","og_image":[{"width":900,"height":600,"url":"https:\/\/www.kwforester.ro\/wp-content\/uploads\/2023\/04\/Femmina-pilota.jpg","type":"image\/jpeg"}],"author":"r.roman@kwforester.ro","twitter_card":"summary_large_image","twitter_misc":{"Scris de":"r.roman@kwforester.ro","Timp estimat pentru citire":"13 minute"},"schema":{"@context":"https:\/\/schema.org","@graph":[{"@type":"WebPage","@id":"https:\/\/www.kwforester.ro\/ro\/membro-dellequipaggio-di-volo-compagnia-aerea\/","url":"https:\/\/www.kwforester.ro\/ro\/membro-dellequipaggio-di-volo-compagnia-aerea\/","name":"Membru al echipajului de zbor al unei companii aeriene - KW Forester","isPartOf":{"@id":"https:\/\/www.kwforester.ro\/ro\/#website"},"datePublished":"2023-04-19T15:41:43+00:00","dateModified":"2023-04-20T15:38:26+00:00","author":{"@id":"https:\/\/www.kwforester.ro\/ro\/#\/schema\/person\/2f841a567233942299815af093d78ec5"},"breadcrumb":{"@id":"https:\/\/www.kwforester.ro\/ro\/membro-dellequipaggio-di-volo-compagnia-aerea\/#breadcrumb"},"inLanguage":"ro-RO","potentialAction":[{"@type":"ReadAction","target":["https:\/\/www.kwforester.ro\/ro\/membro-dellequipaggio-di-volo-compagnia-aerea\/"]}]},{"@type":"BreadcrumbList","@id":"https:\/\/www.kwforester.ro\/ro\/membro-dellequipaggio-di-volo-compagnia-aerea\/#breadcrumb","itemListElement":[{"@type":"ListItem","position":1,"name":"Home","item":"https:\/\/www.kwforester.ro\/ro\/"},{"@type":"ListItem","position":2,"name":"Membru al echipajului de zbor al unei companii aeriene"}]},{"@type":"WebSite","@id":"https:\/\/www.kwforester.ro\/ro\/#website","url":"https:\/\/www.kwforester.ro\/ro\/","name":"KW Forester","description":"Business consulting for Italian activities in Romania","potentialAction":[{"@type":"SearchAction","target":{"@type":"EntryPoint","urlTemplate":"https:\/\/www.kwforester.ro\/ro\/?s={search_term_string}"},"query-input":"required name=search_term_string"}],"inLanguage":"ro-RO"},{"@type":"Person","@id":"https:\/\/www.kwforester.ro\/ro\/#\/schema\/person\/2f841a567233942299815af093d78ec5","name":"r.roman@kwforester.ro"}]}},"_links":{"self":[{"href":"https:\/\/www.kwforester.ro\/ro\/wp-json\/wp\/v2\/posts\/1429"}],"collection":[{"href":"https:\/\/www.kwforester.ro\/ro\/wp-json\/wp\/v2\/posts"}],"about":[{"href":"https:\/\/www.kwforester.ro\/ro\/wp-json\/wp\/v2\/types\/post"}],"author":[{"embeddable":true,"href":"https:\/\/www.kwforester.ro\/ro\/wp-json\/wp\/v2\/users\/3"}],"replies":[{"embeddable":true,"href":"https:\/\/www.kwforester.ro\/ro\/wp-json\/wp\/v2\/comments?post=1429"}],"version-history":[{"count":5,"href":"https:\/\/www.kwforester.ro\/ro\/wp-json\/wp\/v2\/posts\/1429\/revisions"}],"predecessor-version":[{"id":1439,"href":"https:\/\/www.kwforester.ro\/ro\/wp-json\/wp\/v2\/posts\/1429\/revisions\/1439"}],"wp:featuredmedia":[{"embeddable":true,"href":"https:\/\/www.kwforester.ro\/ro\/wp-json\/wp\/v2\/media\/1427"}],"wp:attachment":[{"href":"https:\/\/www.kwforester.ro\/ro\/wp-json\/wp\/v2\/media?parent=1429"}],"wp:term":[{"taxonomy":"category","embeddable":true,"href":"https:\/\/www.kwforester.ro\/ro\/wp-json\/wp\/v2\/categories?post=1429"},{"taxonomy":"post_tag","embeddable":true,"href":"https:\/\/www.kwforester.ro\/ro\/wp-json\/wp\/v2\/tags?post=1429"}],"curies":[{"name":"wp","href":"https:\/\/api.w.org\/{rel}","templated":true}]}}